{"id":55,"date":"2017-06-14T09:10:28","date_gmt":"2017-06-14T07:10:28","guid":{"rendered":"https:\/\/wordlift.io\/blog\/it\/?p=55"},"modified":"2021-09-05T16:16:25","modified_gmt":"2021-09-05T14:16:25","slug":"che-fine-ha-fatto-la-verita-il-giornalismo-nellera-delle-fake-news","status":"publish","type":"post","link":"https:\/\/wordlift.io\/blog\/it\/che-fine-ha-fatto-la-verita-il-giornalismo-nellera-delle-fake-news\/","title":{"rendered":"Che fine ha fatto la verit\u00e0? Il giornalismo nell&#8217;era delle fake news"},"content":{"rendered":"<p><strong>Come si evolve il giornalismo nell\u2019era digitale?<\/strong> Quali sono i bisogni, le sfide e le opportunit\u00e0 per il giornalismo online nel 2017 &#8211; e quali saranno negli anni a venire?<strong> Stiamo intervistando blogger, giornalisti ed editori per comprendere lo stato dell\u2019arte del giornalismo digitale e provare a capire insieme cosa ci aspetta.<\/strong><\/p>\n<p>A met\u00e0 degli anni Novanta, mio padre aveva l\u2019abitudine di acquistare \u2013 e leggere \u2013 un quotidiano due o tre volte a settimana, pi\u00f9 uno o due settimanali e in pi\u00f9 vedeva ogni giorno il telegiornale. All\u2019inizio degli anni Duemila i media online hanno cominciato a erodere, anno dopo anno, lo spazio di stampa e televisione.<\/p>\n<p>Oggi <strong>buona parte della dieta informativa dei Millennial \u00e8 basata su <a class=\"wl-entity-page-link\" title=\"Articolo\" href=\"https:\/\/wordlift.io\/blog\/it\/vocabolario\/articolo-giornalismo\/\" data-id=\"http:\/\/data.stg-wordliftblogq-stage.kinsta.cloud\/wl0215\/entity\/articolo_giornalismo;http:\/\/it.dbpedia.org\/resource\/Articolo_(giornalismo)\" >articoli<\/a> e notizie pubblicati online<\/strong> da diversi tipi di media, che rimbalzano disordinatamente su social media e motori di ricerca. L\u2019editoria dell\u2019informazione si \u00e8 evoluta pi\u00f9 in fretta negli ultimi 25 anni che nei precedenti 250. Giornalisti e web writer si trovano ad affrontare una vera e propria rivoluzione.<\/p>\n<p>In alcuni casi la cavalcano come una buona onda, in altri ne sono sopraffatti. In questo articolo ho raccolto l\u2019opinione di <strong>tre esperti di giornalismo online che hanno a che fare ogni giorno con le sfide dell&#8217;informazione digitale<\/strong>.<\/p>\n<h2>1. L\u2019attenzione \u00e8 in costante calo<\/h2>\n<p><img decoding=\"async\" class=\"wp-image-56 size-full aligncenter\" src=\"https:\/\/wordlift.io\/blog\/it\/wp-content\/uploads\/sites\/2\/2017\/06\/human-attention.png\" alt=\"Human attention in '00 \" width=\"625\" height=\"625\" srcset=\"https:\/\/wordlift.io\/blog\/it\/wp-content\/uploads\/sites\/2\/2017\/06\/human-attention.png 625w, https:\/\/wordlift.io\/blog\/it\/wp-content\/uploads\/sites\/2\/2017\/06\/human-attention-300x300.png 300w, https:\/\/wordlift.io\/blog\/it\/wp-content\/uploads\/sites\/2\/2017\/06\/human-attention-150x150.png 150w, https:\/\/wordlift.io\/blog\/it\/wp-content\/uploads\/sites\/2\/2017\/06\/human-attention-96x96.png 96w\" sizes=\"(max-width: 625px) 100vw, 625px\" \/><\/p>\n<p style=\"text-align: center\"><em>La durata media della nostra attenzione \u00e8 scesa di quattro secondi in soli tredici anni: cosa dobbiamo aspettarci per i prossimi tredici?<\/em><\/p>\n<p>Secondo <strong>un <a href=\"https:\/\/advertising.microsoft.com\/en\/WWDocs\/User\/display\/cl\/researchreport\/31966\/en\/microsoft-attention-spans-research-report.pdf\">recente studio<\/a> pubblicato da Microsoft, la durata media dell\u2019attenzione umana si riduce gradualmente, ma inesorabilmente<\/strong>: nel 2013 la media era di circa otto secondi \u2013 il che significa che un pesce rosso \u00e8 pi\u00f9 bravo di noi a tenere desta l\u2019attenzione! Per i giornalisti che scrivono articoli e vogliono che le persone li leggano, questa \u00e8 una sfida enorme: <strong>quali strategie usare per catturare l&#8217;attenzione?<\/strong> <strong><a class=\"wl-entity-page-link\"  href=\"https:\/\/wordlift.io\/blog\/it\/vocabolario\/valentina-ferrero\/\" data-id=\"http:\/\/data.stg-wordliftblogq-stage.kinsta.cloud\/wl0215\/entity\/valentina_ferrero\" >Valentina Ferrero<\/a><\/strong>, <strong><em>Caporedattore di Diario Innovazione<\/em><\/strong>, ha la sua ricetta:<\/p>\n<blockquote><p><em>&#8220;Solitamente tendo a scrivere pezzi pi\u00f9 emotivi e a fare storytelling, linkando nel testo delle storie simili o degli approfondimenti <img decoding=\"async\" class=\"alignright wp-image-57 size-full\" src=\"https:\/\/wordlift.io\/blog\/it\/wp-content\/uploads\/sites\/2\/2017\/06\/valentina-ferrero.png\" alt=\"Valentina Ferrero\" width=\"300\" height=\"300\" srcset=\"https:\/\/wordlift.io\/blog\/it\/wp-content\/uploads\/sites\/2\/2017\/06\/valentina-ferrero.png 300w, https:\/\/wordlift.io\/blog\/it\/wp-content\/uploads\/sites\/2\/2017\/06\/valentina-ferrero-150x150.png 150w, https:\/\/wordlift.io\/blog\/it\/wp-content\/uploads\/sites\/2\/2017\/06\/valentina-ferrero-96x96.png 96w\" sizes=\"(max-width: 300px) 100vw, 300px\" \/>sullo stesso tema.&#8221;<\/em><\/p><\/blockquote>\n<p>Un consiglio simile viene da <strong>Ben Dickson<\/strong>, un<strong><em> ingegnere informatico<\/em><\/strong> che non scrive solo righe di codice, ma anche ottimi articoli per <strong>TechCrunch<\/strong>, <strong>The Next Web<\/strong>, <strong>Venture Beat<\/strong>, e altre testate. <em>&#8220;Curo soprattutto due aree nel mio piano editoriale:<\/em><\/p>\n<ul>\n<li><em><strong>Notizie fresche<\/strong>: scrivo articoli su ci\u00f2 che sta accadendo o su ci\u00f2 che accadr\u00e0 nell\u2019immediato futuro<\/em><\/li>\n<li><em><strong>Contenuti sempreverdi<\/strong>: articoli che varr\u00e0 la pena leggere nei mesi \u2013 e possibilmente anche negli anni \u2013 a venire.&#8221;<\/em><\/li>\n<\/ul>\n<h2>2. Che fine ha fatto la verit\u00e0?<\/h2>\n<p>Alla fine del 2016 la parola <strong>post-truth<\/strong> (post-verit\u00e0) \u00e8 stata eletta parola dell\u2019anno dall\u2019<em>Oxford Dictionary<\/em>, anche se le fake-news non sono affatto nuove: le bufale esistono da quando esistono le notizie. <strong>Allora perch\u00e9 si parla tanto di <a class=\"wl-entity-page-link\"  href=\"https:\/\/wordlift.io\/blog\/it\/vocabolario\/post-verita\/\" data-id=\"http:\/\/data.stg-wordliftblogq-stage.kinsta.cloud\/wl0215\/entity\/post-verita\" >post-verit\u00e0<\/a>?<\/strong><\/p>\n<ul>\n<li><strong>Cattive abitudini dei lettori:<\/strong> oggi molte persone si limitano a scorrere le notizie sul proprio smartphone e in molti casi condividono gli articoli senza leggere nient\u2019altro che i titoli<\/li>\n<li><strong>La produzione di bufale \u00e8 pi\u00f9 che mai semplice:<\/strong> dando un\u2019occhiata alle bufale pi\u00f9 famose della storia, si nota che in passato \u2013 quantomeno \u2013 costruire una bufala richiedeva un certo ingegno. Oggi chiunque pu\u00f2 produrre una bufala con un computer e una connessione a Internet.<\/li>\n<li><strong>L\u2019ansia di bucare le notizie <\/strong>sta costringendo i giornalisti online a una produzione industriale, portandoli a trascurare qualche volta le pi\u00f9 elementari tecniche di fact-checking.<\/li>\n<\/ul>\n<p>In questo contesto, <strong>le <a class=\"wl-entity-page-link\"  href=\"https:\/\/wordlift.io\/blog\/it\/vocabolario\/fake-news\/\" data-id=\"http:\/\/data.stg-wordliftblogq-stage.kinsta.cloud\/wl0215\/entity\/fake_news\" >fake news<\/a> si allargano a macchia d&#8217;olio<\/strong>, e molte persone sembrano preferire ai fatti documentati le notizie che fanno appello all&#8217;emotivit\u00e0 e che usano il sensazionalismo. <strong>Oggi le fake news influiscono sulla vita sociale, sulla politica e persino sull\u2019economia<\/strong>: molti commentatori politici, ad esempio, ritengono che l\u2019elezione di Trump sia stata influenzata dalle fake news su Hilary Clinton. Negli ultimi mesi, i motori di ricerca e i social media stanno affinando le proprie armi per scovare e combattere le notizie false. Nel frattempo, media e giornalismo stanno perdendo la propria credibilit\u00e0, e <strong>per ritrovarla devono lavorare di pi\u00f9 sulla qualit\u00e0 e il fact-checking<\/strong>. In che modo? <img decoding=\"async\" class=\"size-full wp-image-58 alignleft\" src=\"https:\/\/wordlift.io\/blog\/it\/wp-content\/uploads\/sites\/2\/2017\/06\/ben-dickson.png\" alt=\"Ben Dickson\" width=\"250\" height=\"250\" srcset=\"https:\/\/wordlift.io\/blog\/it\/wp-content\/uploads\/sites\/2\/2017\/06\/ben-dickson.png 250w, https:\/\/wordlift.io\/blog\/it\/wp-content\/uploads\/sites\/2\/2017\/06\/ben-dickson-150x150.png 150w, https:\/\/wordlift.io\/blog\/it\/wp-content\/uploads\/sites\/2\/2017\/06\/ben-dickson-96x96.png 96w\" sizes=\"(max-width: 250px) 100vw, 250px\" \/>Ecco l\u2019esperienza di <strong><a class=\"wl-entity-page-link\"  href=\"https:\/\/wordlift.io\/blog\/it\/vocabolario\/ben-dickson\/\" data-id=\"http:\/\/data.stg-wordliftblogq-stage.kinsta.cloud\/wl0215\/entity\/ben_dickson\" >Ben Dickson<\/a><\/strong>: <em>&#8220;Penso che <strong>le fake news non siano una novit\u00e0<\/strong>. I media mainstream hanno razzolato in notizie distorte e rappresentazioni tendenziose della verit\u00e0 per un sacco di tempo. Nonostante gran parte dei media mainstream non si sia spinta al punto di raccontare fatti mai accaduti (come la notizia del supporto del Papa nei confronti di Trump) tendono a raccontare solo quella parte della storia che esprime il loro punto di vista e non specificare le fonti. C\u2019\u00e8 pi\u00f9 di un caso in cui la scelta delle notizie principali viene fatta ad arte per riportare gli eventi in modo da riflettere le idee del partito politico o della scuola di pensiero che i media stessi rappresentano.<\/em><\/p>\n<blockquote><p><em>\u201cComunque, <strong>l\u2019esplosione dei social media e dell\u2019informazione online ha democratizzato le fake news che oggi sono alla portata di tutti<\/strong>.<\/em><\/p><\/blockquote>\n<p><em>&#8220;\u00c8 un importante problema sociale, etico e politico. Non c\u2019\u00e8 un consenso universale su cosa sia vero e cosa sia falso. E nonostante gli strumenti e gli sforzi per fare fact-checking e valutare l\u2019attendibilit\u00e0 dei contenuti di un sito web, non sono sicuro che siamo in grado di sviluppare uno o pi\u00f9 strumenti che siano davvero in grado di ripulire il web dalle fake-news.<\/em> <em>Personalmente credo che <strong>la verit\u00e0 sia l\u00e0 fuori<\/strong> (wow, un meme di X-Files!) e credo che le capacit\u00e0 di discernimento e ricerca del lettore siano la chiave per distinguere i fatti dalla finzione e le esagerazioni dalla realt\u00e0. Quando mi viene presentato un fatto faccio di tutto per cercare le possibili contro argomentazioni e scoprire se esiste un\u2019altra faccia della storia. Verifico sempre i punti di vista conflittuali, per riuscire a trovare la verit\u00e0 nel mezzo. \u00c8 un duro lavoro, ma ripaga!&#8221;<\/em> C\u2019\u00e8 anche un altro lato della medaglia e mi piace mostrarla attraverso la voce \u2013 be\u2019, diciamo le parole \u2013 di <strong><a class=\"wl-entity-page-link\"  href=\"https:\/\/wordlift.io\/blog\/it\/vocabolario\/alfonso-biondi\/\" data-id=\"http:\/\/data.stg-wordliftblogq-stage.kinsta.cloud\/wl0215\/entity\/alfonso_biondi\" >Alfonso Biondi<\/a><\/strong>,<strong><em> Web Content Specialist in Mondadori e Cofondatore di Lercio<\/em><\/strong> \u2013 giornale online che non ha certo bisogno di presentazioni.<\/p>\n<blockquote><p><em>&#8221; <strong>L\u2019uomo-Lercio adora le fake news<\/strong> : \u00e8 la cosa che sa fare meglio dopo bere gratis.<img decoding=\"async\" class=\"size-full wp-image-60 alignright\" src=\"https:\/\/wordlift.io\/blog\/it\/wp-content\/uploads\/sites\/2\/2017\/06\/alfonso-biondi.png\" alt=\"Alfonso Biondi\" width=\"300\" height=\"300\" srcset=\"https:\/\/wordlift.io\/blog\/it\/wp-content\/uploads\/sites\/2\/2017\/06\/alfonso-biondi.png 300w, https:\/\/wordlift.io\/blog\/it\/wp-content\/uploads\/sites\/2\/2017\/06\/alfonso-biondi-150x150.png 150w, https:\/\/wordlift.io\/blog\/it\/wp-content\/uploads\/sites\/2\/2017\/06\/alfonso-biondi-96x96.png 96w\" sizes=\"(max-width: 300px) 100vw, 300px\" \/><\/em><\/p><\/blockquote>\n<p><em>&#8220;Sgombriamo per\u00f2 il campo da possibili equivoci: le fake news che amo e scrivo con passione sono <strong>notizie false che hanno un taglio satirico, non si tratta assolutamente di bufale<\/strong>. Qual \u00e8 la differenza? Ti faccio un esempio (lo stesso proposto dal sito Bufale.net).<\/em> <em>\u201cPrendiamo queste due notizie:<\/em><\/p>\n<ol>\n<li><em>Boldrini: \u201cSchifata dal risultato del referendum, lascio la politica, non mi meritate!&#8221;<\/em><\/li>\n<li><em>Boldrini: \u201cNecessario educare i feti a non prendere a calci le madri&#8221;<\/em><\/li>\n<\/ol>\n<p><em>\u201cIl protagonista delle due notizie \u00e8 lo stesso \u2013 si parla di Laura Boldrini \u2013 ed entrambe le notizie sono false. Sono due esempi di fake news, insomma. Nel primo caso, per\u00f2, l\u2019elemento comico \u00e8 totalmente assente, infatti si tratta di una bufala bella e buona, un\u2019esca lanciata per tirare su qualche pesce ingenuo e sprovveduto; nel secondo caso l\u2019intento satirico della notizia \u00e8 lampante, senza alcuna possibilit\u00e0 di fraintendimento: it&#8217;s Lercio, baby.&#8221;<\/em><\/p>\n<h2>3. Chi ha paura della SEO?<\/h2>\n<p>Viva o morta, <strong>la <a class=\"wl-entity-page-link\" title=\"Search Engine Optimization\" href=\"https:\/\/wordlift.io\/blog\/it\/vocabolario\/seo-ottimizzazione-motori-di-ricerca\/\" data-id=\"http:\/\/data.stg-wordliftblogq-stage.kinsta.cloud\/wl0215\/entity\/seo;http:\/\/rdf.freebase.com\/ns\/m.019qb_;http:\/\/dbpedia.org\/resource\/Search_engine_optimization;http:\/\/data.stg-wordliftblogq-stage.kinsta.cloud\/wl0215\/entity\/ottimizzazione_motori_di_ricerca;http:\/\/de.dbpedia.org\/resource\/Suchmaschinenoptimierung;http:\/\/pt.dbpedia.org\/resource\/Otimiza\u00e7\u00e3o_para_motores_de_busca;http:\/\/lt.dbpedia.org\/resource\/Optimizavimas_paie\u0161kos_sistemoms;http:\/\/lv.dbpedia.org\/resource\/Mekl\u0113t\u0101jprogrammas_optimiz\u0101cija;http:\/\/hr.dbpedia.org\/resource\/Optimizacija_web_stranice;http:\/\/hu.dbpedia.org\/resource\/Keres\u0151optimaliz\u00e1l\u00e1s;http:\/\/uk.dbpedia.org\/resource\/\u041e\u043f\u0442\u0438\u043c\u0456\u0437\u0430\u0446\u0456\u044f_\u0434\u043b\u044f_\u043f\u043e\u0448\u0443\u043a\u043e\u0432\u0438\u0445_\u0441\u0438\u0441\u0442\u0435\u043c;http:\/\/id.dbpedia.org\/resource\/Optimisasi_mesin_pencari;http:\/\/en.dbpedia.org\/resource\/Search_engine_optimization;http:\/\/it.dbpedia.org\/resource\/Ottimizzazione_(motori_di_ricerca);http:\/\/es.dbpedia.org\/resource\/Posicionamiento_en_buscadores;http:\/\/et.dbpedia.org\/resource\/Otsingumootoritele_optimeerimine;http:\/\/ro.dbpedia.org\/resource\/Optimizare_pentru_motoare_de_c\u0103utare;http:\/\/nl.dbpedia.org\/resource\/Zoekmachineoptimalisatie;http:\/\/no.dbpedia.org\/resource\/S\u00f8kemotoroptimalisering;http:\/\/be.dbpedia.org\/resource\/\u041f\u043e\u0448\u0443\u043a\u0430\u0432\u0430\u044f_\u0430\u043f\u0442\u044b\u043c\u0456\u0437\u0430\u0446\u044b\u044f;http:\/\/ru.dbpedia.org\/resource\/\u041f\u043e\u0438\u0441\u043a\u043e\u0432\u0430\u044f_\u043e\u043f\u0442\u0438\u043c\u0438\u0437\u0430\u0446\u0438\u044f;http:\/\/fi.dbpedia.org\/resource\/Hakukoneoptimointi;http:\/\/bg.dbpedia.org\/resource\/\u041e\u043f\u0442\u0438\u043c\u0438\u0437\u0430\u0446\u0438\u044f_\u0437\u0430_\u0442\u044a\u0440\u0441\u0430\u0447\u043a\u0438;http:\/\/fr.dbpedia.org\/resource\/Optimisation_pour_les_moteurs_de_recherche;http:\/\/sk.dbpedia.org\/resource\/Optimaliz\u00e1cia_pre_vyh\u013ead\u00e1va\u010de;http:\/\/sl.dbpedia.org\/resource\/Optimizacija_spletnih_strani;http:\/\/ca.dbpedia.org\/resource\/Optimitzaci\u00f3_per_a_motors_de_cerca;http:\/\/sq.dbpedia.org\/resource\/SEO;http:\/\/sr.dbpedia.org\/resource\/SEO_optimalizacija_veb-sajta;http:\/\/sv.dbpedia.org\/resource\/S\u00f6kmotoroptimering;http:\/\/cs.dbpedia.org\/resource\/Search_Engine_Optimization;http:\/\/pl.dbpedia.org\/resource\/Optymalizacja_dla_wyszukiwarek_internetowych;http:\/\/da.dbpedia.org\/resource\/S\u00f8gemaskineoptimering;http:\/\/tr.dbpedia.org\/resource\/Arama_motoru_optimizasyonu;http:\/\/data.wordlift.io\/wl0215\/entity\/seo;http:\/\/data.wordlift.io\/wl0215\/entity\/ottimizzazione_motori_di_ricerca\" >SEO<\/a> \u00e8 causa di tante preoccupazioni<\/strong>: bisogna stare sempre sul pezzo e qualche volta ti senti come se camminassi sul filo sottile che separa ottimizzazione e spam. <strong>La strategia di Ben \u00e8 piuttosto sofisticata<\/strong>: <em>&#8220;Mi focalizzo principalmente sui contenuti e sulle intenzioni, meno sugli stratagemmi tecnici della SEO. <strong>Mi concentro a scrivere contenuti che possano interessare le persone<\/strong> e cerco di seguire i metodi per una scrittura efficace (frasi brevi, voci attive dei verbi, paragrafi corti, sottotitoli&#8230;). In alcuni casi, quando<strong> scrivo contenuti sempre attuali, faccio anche un po\u2019 di ricerca e ottimizzazione delle keyword<\/strong>.&#8221;<\/em> Valentina \u00e8 d\u2019accordo con Ben:<\/p>\n<blockquote><p><em>&#8220;Le regole SEO non mi preoccupano, in realt\u00e0. <strong>Le seguo se credo che i contenuti siano \u2018freddi\u2019<\/strong> e quindi recuperabili dal web, indipendentemente dall\u2019attualit\u00e0.&#8221;<\/em><\/p><\/blockquote>\n<p>In alcuni casi, ti puoi anche permettere di ignorare la&nbsp;SEO e avere comunque un traffico altissimo &#8211; e qui <strong>Alfonso Biondi<\/strong> pu\u00f2 raccontarci la sua esperienza: <em>&#8220;Quando scrivo per Lercio, lascio volentieri la SEO nel cassetto delle cose inutili \u2013 poco distante dall\u2019abbonamento della palestra.<\/em><\/p>\n<blockquote><p><em>&#8220;\u00c8 normale che sia cos\u00ec: <strong>le fake news satiriche sono contenuti creativi all\u2019ennesima potenza<\/strong> , che proprio per la loro stravaganza e singolarit\u00e0 non possono essere \u2018imprigionate\u2019 in una gabbia di keyword.<\/em><\/p><\/blockquote>\n<p><em>Ovviamente il nostro \u00e8 un caso molto particolare nel panorama dell\u2019editoria digitale in cui la SEO \u00e8 una necessit\u00e0 primaria sia nell\u2019ideazione che nella scrittura di contenuti. E lo dico con cognizione di causa, dato che lavoro anche come Web Content Specialist e che mi trovo tutti i giorni a fare i conti con la SEO (purtroppo o per fortuna).&#8221;<\/em><\/p>\n<h2>4. Gli articoli lunghi tornano di moda<\/h2>\n<p>Per tanti anni i giornalisti sono stati convinti che i lettori non consumassero articoli lunghi online, ma solo contenuti brevi, diretti, veloci da leggere. Negli ultimi cinque anni, per\u00f2, \u00e8 emersa una interessante controtendenza: <strong>sembra che ci sia abbastanza spazio per articoli lunghi di successo<\/strong> \u2013 e con articoli lunghi intendo testi con pi\u00f9 di 1.000 parole, che arrivano in alcuni casi fino a 20.000 (gi\u00e0, \u00e8 un sacco di roba da scrivere&#8230; e da leggere!), di solito arricchiti con fotografie, illustrazioni, grafici e video.<\/p>\n<p style=\"text-align: center\"><img decoding=\"async\" class=\"size-full wp-image-61 aligncenter\" src=\"https:\/\/wordlift.io\/blog\/it\/wp-content\/uploads\/sites\/2\/2017\/06\/curva-quartz.png\" alt=\"La Curva di Quartz\" width=\"70%\" srcset=\"https:\/\/wordlift.io\/blog\/it\/wp-content\/uploads\/sites\/2\/2017\/06\/curva-quartz.png 834w, https:\/\/wordlift.io\/blog\/it\/wp-content\/uploads\/sites\/2\/2017\/06\/curva-quartz-300x223.png 300w, https:\/\/wordlift.io\/blog\/it\/wp-content\/uploads\/sites\/2\/2017\/06\/curva-quartz-768x570.png 768w, https:\/\/wordlift.io\/blog\/it\/wp-content\/uploads\/sites\/2\/2017\/06\/curva-quartz-150x111.png 150w\" sizes=\"(max-width: 834px) 100vw, 834px\" \/><em>Come si vede dalla curva di Quartz, le opportunit\u00e0 di successo di un contenuto sono minime per gli articoli compresi tra le 500 e le 800 parole.<\/em><\/p>\n<p><strong>Kevin Delany, Direttore editoriale di Quartz, ha acceso i riflettori sugli articoli lunghi quando nel 2013 ha presentato la cosiddetta curva di Quartz<\/strong> per spiegare le proprie scelte editoriali. Questa curva a forma di U, mostra che gli articoli con meno di 500 parole e quelli che ne contengono pi\u00f9 di 800 sono quelli che hanno maggiore successo: i primi ottengono pi\u00f9 condivisioni, i secondi danno maggiori risultati i termini di coinvolgimento dei lettori sul sito.<\/p>\n<blockquote><p><em>&#8220;<strong>Le persone leggono contenuti brevi e veloci sul web<\/strong>&#8221; disse &#8220;<strong>e anche lunghi articoli di analisi<\/strong>. Gli articoli compresi tra le 500 e le 800 parole sono troppo lunghi per essere condivisi, troppo brevi per offrire un approfondimento.&#8221;<\/em><\/p><\/blockquote>\n<p>Potrebbe sembrare una <strong>contraddizione nel contesto di una minore attenzione dei lettori<\/strong>. Per saperne di pi\u00f9 abbiamo chiesto a <strong>Ben Dickson<\/strong>, che tende a scrivere articoli piuttosto lunghi, se questo tipo di contenuti rappresenti un azzardo o una strategia vincente. Ecco la sua esperienza: <em>&#8220;Credo che <strong>quando si comincia con un buon incipit e si struttura l\u2019articolo in modo coinvolgente<\/strong> (con un uso intelligente di sottotitoli e punti elenco) <strong>\u00e8 possibile venire incontro alle esigenze di entrambi i tipi di lettori<\/strong> : quelli che leggono rapidamente un testo e quelli che cercano di andare in profondit\u00e0 all\u2019argomento.&#8221;<\/em><\/p>\n<h2>5. La gestione del tempo \u00e8 sempre pi\u00f9 difficile<\/h2>\n<p>In <a class=\"wl-entity-page-link\" title=\"WordLift Srl\" href=\"https:\/\/wordlift.io\/blog\/it\/vocabolario\/wordlift\/\" data-id=\"http:\/\/data.stg-wordliftblogq-stage.kinsta.cloud\/wl0215\/entity\/wordlift;http:\/\/data.stg-wordliftblogq-stage.kinsta.cloud\/wl0216\/entity\/wordlift_2;http:\/\/data.redlink.io\/91\/be9\/entity\/wordlift.html;http:\/\/data.stg-wordliftblogq-stage.kinsta.cloud\/wl0301\/entity\/wordlift\" >WordLift<\/a> sosteniamo che la scrittura debba essere il focus principale di chi scrive, ma in effetti redattori e blogger sono impegnati in molte altre attivit\u00e0. In qualsiasi redazione, <strong>\u2018non c&#8217;\u00e8 tempo\u2019 \u00e8 una frase che si sente dire molto spesso<\/strong> \u2013 e se parlate con i freelance, scoprirete che anche loro sono incalzati dallo scorrere delle lancette dell\u2019orologio. Non si tratta di un problema emergente, ma le distrazioni in aumento e il grande numero di fonti disponibili e \u2013 in molti casi \u2013 di nuove cose da fare lo rendono pi\u00f9 che mai cruciale. Abbiamo chiesto a Ben, Valentina, e Alfonso <strong>quali siano le attivit\u00e0 che prendono loro pi\u00f9 tempo e come le percepiscano<\/strong>. <strong>Ben<\/strong>: <em>&#8220;Faccio molta ricerca e fact-checking per i miei articoli. <strong>Mi piace intervistare esperti della materia e corroborare le mie ricerche con il contributo di leader di pensiero e di persone che hanno esperienza e competenza nell\u2019ambito che sto esplorando<\/strong>. Credo che rallenti la mia produzione in qualche modo, ma ne vale la pena. Mi costringe a socializzare e mi permette di entrare in contatto con persone fantastiche. Penso che sia un problema essenziale in un\u2019epoca in cui Google sta cercando di fornire una risposta a qualsiasi domanda e le piattaforme social come Facebook cercano di importi la propria&nbsp;conoscenza.&#8221;<\/em> <strong>Valentina<\/strong>: <em>&#8220;<strong>Rapporti offline, partership e collaborazioni sono oggi necessari<\/strong>. Purtroppo o per fortuna siamo in un momento dove la collaborazione conta pi\u00f9 di tutto il resto!&#8221;<\/em> <strong>Alfonso<\/strong>: <em>&#8220;Se parliamo di ci\u00f2 che mi sottrae pi\u00f9 tempo \u2013 e se siamo concordi nel tenere fuori da questa classifica la pulizia della tastiera dalle briciole dei muffin \u2013 allora non ho dubbi: <strong>la cosa pi\u00f9 difficile \u00e8 trasformare quel qualcosa di misterioso che galleggia nell\u2019aria in un\u2019idea vera e propria sulla quale sviluppare una news<\/strong>. Lo so, siamo a uno stadio precedente a quello della scrittura vera e propria, ma il processo nasce proprio da l\u00ec, dall\u2019idea e da quello che c\u2019era prima dell\u2019idea. E oltre a essere la parte pi\u00f9 difficile, resta sempre la pi\u00f9 bella e affascinante&#8230; Ora posso avere il gelato che mi avete promesso?&#8221;<\/em><\/p>\n<h2>Conclusioni: alcune cose sulle quali riflettere<\/h2>\n<p>Che cosa si pu\u00f2 imparare dall\u2019esperienza di questi professionisti dell\u2019informazione digitale?<\/p>\n<ul>\n<li><strong>Scrivi pezzi emotivi<\/strong> e racconta delle storie in modo da tenere le persone incollate al tuo contenuto.<\/li>\n<li><strong>Aggiungi link interni<\/strong> per permettere al tuo lettore di approfondire la sua materia di interesse: WordLift pu\u00f2 farlo sulla base dell\u2019analisi semantica del testo, in modo da aiutarti a ritrovare gli articoli pi\u00f9 vecchi \u2013 anche se sono stati scritti da altri autori dello stesso sito.<\/li>\n<li><strong>Ricerca, fact-checking e contro argomentazioni<\/strong>: queste sono le armi nella tua costante ricerca per la verit\u00e0.<\/li>\n<li><strong>Pensa a scrivere per le persone e ottimizza le SEO keyword per i contenuti sempreverdi.<\/strong> Dopo anni di scrittura online sotto il diktat della macchine e delle parole chiave, finalmente focalizzarsi sui contenuti torna a essere una buona strategia perch\u00e9 anche i motori di ricerca stanno passando dall\u2019indicizzazione basata sulle keyword alla comprensione del linguaggio umano.<\/li>\n<li><strong>Struttura il tuo articolo<\/strong> per rispondere alle esigenze di tutti i tuoi lettori, quelli che vanno di fretta e quelli che sono interessati ad approfondire. Aggiungi a questa struttura anche le <a class=\"wl-entity-page-link\"  href=\"https:\/\/wordlift.io\/blog\/it\/vocabolario\/entita\/\" data-id=\"http:\/\/data.stg-wordliftblogq-stage.kinsta.cloud\/wl0215\/entity\/entita;http:\/\/www.wikidata.org\/entity\/Q35120;http:\/\/dbpedia.org\/resource\/Entity;https:\/\/g.co\/kg\/m\/0bl9f;http:\/\/data.wordlift.io\/wl0215\/entity\/entita\" >entit\u00e0<\/a>, come mattone fondante sul quale costruire concetti e contesto legati al tuo contenuto.<\/li>\n<li><strong>Le relazioni e la cooperazione<\/strong> contano pi\u00f9 che mai.<\/li>\n<\/ul>\n<p>Ben, Valentina, Alfonso e molti altri giornalisti, lavorano duro in un mondo che produce pi\u00f9 notizie e informazioni rispetto al passato e che sta diventando sempre pi\u00f9 complesso. Il giornalismo online richiede <strong>molti strumenti per andare incontro al crescente bisogno di una informazione credibile e di qualit\u00e0<\/strong> nel contesto di un web che si evolve nella direzione della semantica. Le tecnologie semantiche sono una risposta?<\/p>\n<h2>Una cura semantica per il giornalismo online<\/h2>\n<p>L\u2019editoria semantica non potr\u00e0 far diventare le giornate di 48 ore, ma riduce il lavoro manuale, permettendo di risparmiare tempo prezioso grazie all\u2019<strong>automazione del markup semantico<\/strong>, alla&nbsp;<strong>gestione di alcune attivit\u00e0 SEO in pagina<\/strong> e alla&nbsp;<strong>categorizzazione<\/strong>. Pu\u00f2 essere una interessante <strong>strategia di content marketing<\/strong> con la quale superare brillantemente molte sfide, trasformandole in opportunit\u00e0 per differenziarsi nel mercato. In che modo?<\/p>\n<ul>\n<li><strong>L\u2019editoria semantica<\/strong> arricchisce i contenuti con un contesto e aiuta gli editori a costruire la propria credibilit\u00e0 e a trovare informazioni utili a supportare il processo di scrittura.<\/li>\n<li><strong>I <a class=\"wl-entity-page-link\"  href=\"https:\/\/wordlift.io\/blog\/it\/vocabolario\/linked-data\/\" data-id=\"http:\/\/data.stg-wordliftblogq-stage.kinsta.cloud\/wl0215\/entity\/linked_data;http:\/\/rdf.freebase.com\/ns\/m.02r2kb1;http:\/\/yago-knowledge.org\/resource\/Linked_data;http:\/\/dbpedia.org\/resource\/Linked_data;http:\/\/data.redlink.io\/91\/be9\/entity\/linked_data\" >Linked Data<\/a><\/strong> permettono di coinvolgere diversi tipi di utenti attraverso un\u2019esperienza personalizzata, offrendo singole informazioni a chi ha bisogno di una risposta rapida e offrendo maggiori opportunit\u00e0 di approfondimento a chi vuole saperne di pi\u00f9.<\/li>\n<li><strong>Il vocabolario interno<\/strong> pu\u00f2 essere usato come una base di conoscenza comune in redazione, aiutando i giornalisti a collaborare con i colleghi.<\/li>\n<\/ul>\n<p>Vuoi saperne di pi\u00f9? Se sei curioso di approfondire il tema dell\u2019editoria semantica, forse \u00e8 ora che tu provi WordLift: <strong><a href=\"http:\/\/wordlift.simplybook.it\/sheduler\/manage\/event\/1\/unit\/1\">prenota subito una demo<\/a><\/strong>!<\/p>\n","protected":false},"excerpt":{"rendered":"<p>Come si evolve il giornalismo nell\u2019era digitale? Quali sono i bisogni, le sfide e le opportunit\u00e0 per il giornalismo online nel 2017 &#8211; e quali saranno negli anni a venire? <\/p>\n","protected":false},"author":70,"featured_media":62,"comment_status":"open","ping_status":"open","sticky":false,"template":"","format":"standard","meta":{"_acf_changed":false,"wl_entities_gutenberg":"","_wlpage_enable":"","footnotes":""},"categories":[9,10],"tags":[],"wl_entity_type":[18],"coauthors":[],"class_list":["post-55","post","type-post","status-publish","format-standard","has-post-thumbnail","hentry","category-content-marketing","category-interviste","wl_entity_type-article"],"yoast_head":"<!-- This site is optimized with the Yoast SEO plugin v22.6 - https:\/\/yoast.com\/wordpress\/plugins\/seo\/ -->\n<title>Post-verit\u00e0 - Il giornalismo nell&#039;era delle fake news<\/title>\n<meta name=\"description\" content=\"Come si evolve il giornalismo nell\u2019era digitale? Quali sono i bisogni, le nuove sfide e opportunit\u00e0 per il giornalismo? In questo articolo abbiamo raccolto l\u2019opinione di tre esperti di giornalismo online che hanno a che fare ogni giorno con le sfide dell&#039;informazione digitale.\" \/>\n<meta name=\"robots\" content=\"index, follow, max-snippet:-1, max-image-preview:large, max-video-preview:-1\" \/>\n<link rel=\"canonical\" href=\"https:\/\/wordlift.io\/blog\/it\/che-fine-ha-fatto-la-verita-il-giornalismo-nellera-delle-fake-news\/\" \/>\n<meta property=\"og:locale\" content=\"it_IT\" \/>\n<meta property=\"og:type\" content=\"article\" \/>\n<meta property=\"og:title\" content=\"Post-verit\u00e0 - Il giornalismo nell&#039;era delle fake news\" \/>\n<meta property=\"og:description\" content=\"Come si evolve il giornalismo nell\u2019era digitale? Quali sono i bisogni, le nuove sfide e opportunit\u00e0 per il giornalismo? In questo articolo abbiamo raccolto l\u2019opinione di tre esperti di giornalismo online che hanno a che fare ogni giorno con le sfide dell&#039;informazione digitale.\" \/>\n<meta property=\"og:url\" content=\"https:\/\/wordlift.io\/blog\/it\/che-fine-ha-fatto-la-verita-il-giornalismo-nellera-delle-fake-news\/\" \/>\n<meta property=\"og:site_name\" content=\"Il blog di WordLift\" \/>\n<meta property=\"article:author\" content=\"https:\/\/www.facebook.com\/mariasilvia.sanna\" \/>\n<meta property=\"article:published_time\" content=\"2017-06-14T07:10:28+00:00\" \/>\n<meta property=\"article:modified_time\" content=\"2021-09-05T14:16:25+00:00\" \/>\n<meta property=\"og:image\" content=\"https:\/\/wordlift.io\/blog\/it\/wp-content\/uploads\/sites\/2\/2017\/06\/verita-fuori.jpg\" \/>\n\t<meta property=\"og:image:width\" content=\"2000\" \/>\n\t<meta property=\"og:image:height\" content=\"1142\" \/>\n\t<meta property=\"og:image:type\" content=\"image\/jpeg\" \/>\n<meta name=\"author\" content=\"Maria Silvia Sanna\" \/>\n<meta name=\"twitter:card\" content=\"summary_large_image\" \/>\n<meta name=\"twitter:creator\" content=\"@cupofbrain\" \/>\n<meta name=\"twitter:label1\" content=\"Scritto da\" \/>\n\t<meta name=\"twitter:data1\" content=\"Maria Silvia Sanna\" \/>\n\t<meta name=\"twitter:label2\" content=\"Tempo di lettura stimato\" \/>\n\t<meta name=\"twitter:data2\" content=\"13 minuti\" \/>\n\t<meta name=\"twitter:label3\" content=\"Written by\" \/>\n\t<meta name=\"twitter:data3\" content=\"Maria Silvia Sanna\" \/>\n<script type=\"application\/ld+json\" class=\"yoast-schema-graph\">{\"@context\":\"https:\/\/schema.org\",\"@graph\":[{\"@type\":\"WebPage\",\"@id\":\"https:\/\/wordlift.io\/blog\/it\/che-fine-ha-fatto-la-verita-il-giornalismo-nellera-delle-fake-news\/\",\"url\":\"https:\/\/wordlift.io\/blog\/it\/che-fine-ha-fatto-la-verita-il-giornalismo-nellera-delle-fake-news\/\",\"name\":\"Post-verit\u00e0 - Il giornalismo nell'era delle fake news\",\"isPartOf\":{\"@id\":\"https:\/\/wordlift.io\/blog\/it\/#website\"},\"primaryImageOfPage\":{\"@id\":\"https:\/\/wordlift.io\/blog\/it\/che-fine-ha-fatto-la-verita-il-giornalismo-nellera-delle-fake-news\/#primaryimage\"},\"image\":{\"@id\":\"https:\/\/wordlift.io\/blog\/it\/che-fine-ha-fatto-la-verita-il-giornalismo-nellera-delle-fake-news\/#primaryimage\"},\"thumbnailUrl\":\"https:\/\/wordlift.io\/blog\/it\/wp-content\/uploads\/sites\/2\/2017\/06\/verita-fuori.jpg\",\"datePublished\":\"2017-06-14T07:10:28+00:00\",\"dateModified\":\"2021-09-05T14:16:25+00:00\",\"author\":{\"@id\":\"https:\/\/wordlift.io\/blog\/it\/#\/schema\/person\/a4f3c5c76549a54838a987e26c78cfe8\"},\"description\":\"Come si evolve il giornalismo nell\u2019era digitale? Quali sono i bisogni, le nuove sfide e opportunit\u00e0 per il giornalismo? In questo articolo abbiamo raccolto l\u2019opinione di tre esperti di giornalismo online che hanno a che fare ogni giorno con le sfide dell'informazione digitale.\",\"breadcrumb\":{\"@id\":\"https:\/\/wordlift.io\/blog\/it\/che-fine-ha-fatto-la-verita-il-giornalismo-nellera-delle-fake-news\/#breadcrumb\"},\"inLanguage\":\"it-IT\",\"potentialAction\":[{\"@type\":\"ReadAction\",\"target\":[\"https:\/\/wordlift.io\/blog\/it\/che-fine-ha-fatto-la-verita-il-giornalismo-nellera-delle-fake-news\/\"]}]},{\"@type\":\"ImageObject\",\"inLanguage\":\"it-IT\",\"@id\":\"https:\/\/wordlift.io\/blog\/it\/che-fine-ha-fatto-la-verita-il-giornalismo-nellera-delle-fake-news\/#primaryimage\",\"url\":\"https:\/\/wordlift.io\/blog\/it\/wp-content\/uploads\/sites\/2\/2017\/06\/verita-fuori.jpg\",\"contentUrl\":\"https:\/\/wordlift.io\/blog\/it\/wp-content\/uploads\/sites\/2\/2017\/06\/verita-fuori.jpg\",\"width\":2000,\"height\":1142},{\"@type\":\"BreadcrumbList\",\"@id\":\"https:\/\/wordlift.io\/blog\/it\/che-fine-ha-fatto-la-verita-il-giornalismo-nellera-delle-fake-news\/#breadcrumb\",\"itemListElement\":[{\"@type\":\"ListItem\",\"position\":1,\"name\":\"Blog\",\"item\":\"https:\/\/wordlift.io\/blog\/it\/\"},{\"@type\":\"ListItem\",\"position\":2,\"name\":\"Che fine ha fatto la verit\u00e0? Il giornalismo nell&#8217;era delle fake news\"}]},{\"@type\":\"WebSite\",\"@id\":\"https:\/\/wordlift.io\/blog\/it\/#website\",\"url\":\"https:\/\/wordlift.io\/blog\/it\/\",\"name\":\"Il blog di WordLift\",\"description\":\"La SEO per tutti\",\"potentialAction\":[{\"@type\":\"SearchAction\",\"target\":{\"@type\":\"EntryPoint\",\"urlTemplate\":\"https:\/\/wordlift.io\/blog\/it\/?s={search_term_string}\"},\"query-input\":\"required name=search_term_string\"}],\"inLanguage\":\"it-IT\"},{\"@type\":\"Person\",\"@id\":\"https:\/\/wordlift.io\/blog\/it\/#\/schema\/person\/a4f3c5c76549a54838a987e26c78cfe8\",\"name\":\"Maria Silvia Sanna\",\"image\":{\"@type\":\"ImageObject\",\"inLanguage\":\"it-IT\",\"@id\":\"https:\/\/wordlift.io\/blog\/it\/#\/schema\/person\/image\/ff0a3afd7173aaffe11a27c76eb8969c\",\"url\":\"https:\/\/secure.gravatar.com\/avatar\/7743a8bfed6e5ae7e254a81645ae878d?s=96&d=mm&r=g\",\"contentUrl\":\"https:\/\/secure.gravatar.com\/avatar\/7743a8bfed6e5ae7e254a81645ae878d?s=96&d=mm&r=g\",\"caption\":\"Maria Silvia Sanna\"},\"sameAs\":[\"http:\/\/www.cupofbrain.it\",\"https:\/\/www.facebook.com\/mariasilvia.sanna\",\"https:\/\/x.com\/cupofbrain\"]}]}<\/script>\n<!-- \/ Yoast SEO plugin. -->","yoast_head_json":{"title":"Post-verit\u00e0 - Il giornalismo nell'era delle fake news","description":"Come si evolve il giornalismo nell\u2019era digitale? Quali sono i bisogni, le nuove sfide e opportunit\u00e0 per il giornalismo? In questo articolo abbiamo raccolto l\u2019opinione di tre esperti di giornalismo online che hanno a che fare ogni giorno con le sfide dell'informazione digitale.","robots":{"index":"index","follow":"follow","max-snippet":"max-snippet:-1","max-image-preview":"max-image-preview:large","max-video-preview":"max-video-preview:-1"},"canonical":"https:\/\/wordlift.io\/blog\/it\/che-fine-ha-fatto-la-verita-il-giornalismo-nellera-delle-fake-news\/","og_locale":"it_IT","og_type":"article","og_title":"Post-verit\u00e0 - Il giornalismo nell'era delle fake news","og_description":"Come si evolve il giornalismo nell\u2019era digitale? Quali sono i bisogni, le nuove sfide e opportunit\u00e0 per il giornalismo? In questo articolo abbiamo raccolto l\u2019opinione di tre esperti di giornalismo online che hanno a che fare ogni giorno con le sfide dell'informazione digitale.","og_url":"https:\/\/wordlift.io\/blog\/it\/che-fine-ha-fatto-la-verita-il-giornalismo-nellera-delle-fake-news\/","og_site_name":"Il blog di WordLift","article_author":"https:\/\/www.facebook.com\/mariasilvia.sanna","article_published_time":"2017-06-14T07:10:28+00:00","article_modified_time":"2021-09-05T14:16:25+00:00","og_image":[{"width":2000,"height":1142,"url":"https:\/\/wordlift.io\/blog\/it\/wp-content\/uploads\/sites\/2\/2017\/06\/verita-fuori.jpg","type":"image\/jpeg"}],"author":"Maria Silvia Sanna","twitter_card":"summary_large_image","twitter_creator":"@cupofbrain","twitter_misc":{"Scritto da":"Maria Silvia Sanna","Tempo di lettura stimato":"13 minuti","Written by":"Maria Silvia Sanna"},"schema":{"@context":"https:\/\/schema.org","@graph":[{"@type":"WebPage","@id":"https:\/\/wordlift.io\/blog\/it\/che-fine-ha-fatto-la-verita-il-giornalismo-nellera-delle-fake-news\/","url":"https:\/\/wordlift.io\/blog\/it\/che-fine-ha-fatto-la-verita-il-giornalismo-nellera-delle-fake-news\/","name":"Post-verit\u00e0 - Il giornalismo nell'era delle fake news","isPartOf":{"@id":"https:\/\/wordlift.io\/blog\/it\/#website"},"primaryImageOfPage":{"@id":"https:\/\/wordlift.io\/blog\/it\/che-fine-ha-fatto-la-verita-il-giornalismo-nellera-delle-fake-news\/#primaryimage"},"image":{"@id":"https:\/\/wordlift.io\/blog\/it\/che-fine-ha-fatto-la-verita-il-giornalismo-nellera-delle-fake-news\/#primaryimage"},"thumbnailUrl":"https:\/\/wordlift.io\/blog\/it\/wp-content\/uploads\/sites\/2\/2017\/06\/verita-fuori.jpg","datePublished":"2017-06-14T07:10:28+00:00","dateModified":"2021-09-05T14:16:25+00:00","author":{"@id":"https:\/\/wordlift.io\/blog\/it\/#\/schema\/person\/a4f3c5c76549a54838a987e26c78cfe8"},"description":"Come si evolve il giornalismo nell\u2019era digitale? Quali sono i bisogni, le nuove sfide e opportunit\u00e0 per il giornalismo? In questo articolo abbiamo raccolto l\u2019opinione di tre esperti di giornalismo online che hanno a che fare ogni giorno con le sfide dell'informazione digitale.","breadcrumb":{"@id":"https:\/\/wordlift.io\/blog\/it\/che-fine-ha-fatto-la-verita-il-giornalismo-nellera-delle-fake-news\/#breadcrumb"},"inLanguage":"it-IT","potentialAction":[{"@type":"ReadAction","target":["https:\/\/wordlift.io\/blog\/it\/che-fine-ha-fatto-la-verita-il-giornalismo-nellera-delle-fake-news\/"]}]},{"@type":"ImageObject","inLanguage":"it-IT","@id":"https:\/\/wordlift.io\/blog\/it\/che-fine-ha-fatto-la-verita-il-giornalismo-nellera-delle-fake-news\/#primaryimage","url":"https:\/\/wordlift.io\/blog\/it\/wp-content\/uploads\/sites\/2\/2017\/06\/verita-fuori.jpg","contentUrl":"https:\/\/wordlift.io\/blog\/it\/wp-content\/uploads\/sites\/2\/2017\/06\/verita-fuori.jpg","width":2000,"height":1142},{"@type":"BreadcrumbList","@id":"https:\/\/wordlift.io\/blog\/it\/che-fine-ha-fatto-la-verita-il-giornalismo-nellera-delle-fake-news\/#breadcrumb","itemListElement":[{"@type":"ListItem","position":1,"name":"Blog","item":"https:\/\/wordlift.io\/blog\/it\/"},{"@type":"ListItem","position":2,"name":"Che fine ha fatto la verit\u00e0? Il giornalismo nell&#8217;era delle fake news"}]},{"@type":"WebSite","@id":"https:\/\/wordlift.io\/blog\/it\/#website","url":"https:\/\/wordlift.io\/blog\/it\/","name":"Il blog di WordLift","description":"La SEO per tutti","potentialAction":[{"@type":"SearchAction","target":{"@type":"EntryPoint","urlTemplate":"https:\/\/wordlift.io\/blog\/it\/?s={search_term_string}"},"query-input":"required name=search_term_string"}],"inLanguage":"it-IT"},{"@type":"Person","@id":"https:\/\/wordlift.io\/blog\/it\/#\/schema\/person\/a4f3c5c76549a54838a987e26c78cfe8","name":"Maria Silvia Sanna","image":{"@type":"ImageObject","inLanguage":"it-IT","@id":"https:\/\/wordlift.io\/blog\/it\/#\/schema\/person\/image\/ff0a3afd7173aaffe11a27c76eb8969c","url":"https:\/\/secure.gravatar.com\/avatar\/7743a8bfed6e5ae7e254a81645ae878d?s=96&d=mm&r=g","contentUrl":"https:\/\/secure.gravatar.com\/avatar\/7743a8bfed6e5ae7e254a81645ae878d?s=96&d=mm&r=g","caption":"Maria Silvia Sanna"},"sameAs":["http:\/\/www.cupofbrain.it","https:\/\/www.facebook.com\/mariasilvia.sanna","https:\/\/x.com\/cupofbrain"]}]}},"_wl_alt_label":[],"acf":[],"wl:entity_url":"http:\/\/data.stg-wordliftblogq-stage.kinsta.cloud\/wl0215\/post\/che_fine_ha_fatto_la_verita__il_giornalismo_nellera_delle_fake_news","_links":{"self":[{"href":"https:\/\/wordlift.io\/blog\/it\/wp-json\/wp\/v2\/posts\/55"}],"collection":[{"href":"https:\/\/wordlift.io\/blog\/it\/wp-json\/wp\/v2\/posts"}],"about":[{"href":"https:\/\/wordlift.io\/blog\/it\/wp-json\/wp\/v2\/types\/post"}],"author":[{"embeddable":true,"href":"https:\/\/wordlift.io\/blog\/it\/wp-json\/wp\/v2\/users\/70"}],"replies":[{"embeddable":true,"href":"https:\/\/wordlift.io\/blog\/it\/wp-json\/wp\/v2\/comments?post=55"}],"version-history":[{"count":0,"href":"https:\/\/wordlift.io\/blog\/it\/wp-json\/wp\/v2\/posts\/55\/revisions"}],"wp:featuredmedia":[{"embeddable":true,"href":"https:\/\/wordlift.io\/blog\/it\/wp-json\/wp\/v2\/media\/62"}],"wp:attachment":[{"href":"https:\/\/wordlift.io\/blog\/it\/wp-json\/wp\/v2\/media?parent=55"}],"wp:term":[{"taxonomy":"category","embeddable":true,"href":"https:\/\/wordlift.io\/blog\/it\/wp-json\/wp\/v2\/categories?post=55"},{"taxonomy":"post_tag","embeddable":true,"href":"https:\/\/wordlift.io\/blog\/it\/wp-json\/wp\/v2\/tags?post=55"},{"taxonomy":"wl_entity_type","embeddable":true,"href":"https:\/\/wordlift.io\/blog\/it\/wp-json\/wp\/v2\/wl_entity_type?post=55"},{"taxonomy":"author","embeddable":true,"href":"https:\/\/wordlift.io\/blog\/it\/wp-json\/wp\/v2\/coauthors?post=55"}],"curies":[{"name":"wp","href":"https:\/\/api.w.org\/{rel}","templated":true}]}}